{"id":1611,"date":"2019-08-04T10:43:00","date_gmt":"2019-08-04T08:43:00","guid":{"rendered":"https:\/\/projekti.pmfst.unist.hr\/floods\/meteotsunamis\/?p=1611"},"modified":"2023-05-24T12:15:18","modified_gmt":"2023-05-24T10:15:18","slug":"29-kosiraca-bay-ist-island-3-august-2019","status":"publish","type":"post","link":"https:\/\/projekti.pmfst.unist.hr\/floods\/meteotsunamis\/29-kosiraca-bay-ist-island-3-august-2019\/","title":{"rendered":"(29) Kosira\u010da Bay, 2-3 August 2019"},"content":{"rendered":"\t\t<div data-elementor-type=\"wp-post\" data-elementor-id=\"1611\" class=\"elementor elementor-1611\" data-elementor-post-type=\"post\">\n\t\t\t\t\t\t<section class=\"elementor-section elementor-top-section elementor-element elementor-element-822d972 elementor-section-boxed elementor-section-height-default elementor-section-height-default\" data-id=\"822d972\" data-element_type=\"section\">\n\t\t\t\t\t\t<div class=\"elementor-container elementor-column-gap-default\">\n\t\t\t\t\t<div class=\"elementor-column elementor-col-100 elementor-top-column elementor-element elementor-element-7a8f4684\" data-id=\"7a8f4684\" data-element_type=\"column\">\n\t\t\t<div class=\"elementor-widget-wrap elementor-element-populated\">\n\t\t\t\t\t\t<div class=\"elementor-element elementor-element-514afce6 elementor-widget elementor-widget-text-editor\" data-id=\"514afce6\" data-element_type=\"widget\" data-widget_type=\"text-editor.default\">\n\t\t\t\t<div class=\"elementor-widget-container\">\n\t\t\t\t\t\t\t\t\t\n<p><a id=\"_msocom_1\"><\/a><\/p>\n\t\t\t\t\t\t\t\t<\/div>\n\t\t\t\t<\/div>\n\t\t\t\t\t<\/div>\n\t\t<\/div>\n\t\t\t\t\t<\/div>\n\t\t<\/section>\n\t\t\t\t<section class=\"elementor-section elementor-top-section elementor-element elementor-element-333c3289 elementor-section-boxed elementor-section-height-default elementor-section-height-default\" data-id=\"333c3289\" data-element_type=\"section\">\n\t\t\t\t\t\t<div class=\"elementor-container elementor-column-gap-default\">\n\t\t\t\t\t<div class=\"elementor-column elementor-col-100 elementor-top-column elementor-element elementor-element-f9b16b9\" data-id=\"f9b16b9\" data-element_type=\"column\">\n\t\t\t<div class=\"elementor-widget-wrap elementor-element-populated\">\n\t\t\t\t\t\t<div class=\"elementor-element elementor-element-610ee1c4 elementor-widget elementor-widget-heading\" data-id=\"610ee1c4\" data-element_type=\"widget\" data-widget_type=\"heading.default\">\n\t\t\t\t<div class=\"elementor-widget-container\">\n\t\t\t\t\t<h3 class=\"elementor-heading-title elementor-size-default\">(29) Kosira\u010da Bay, 2-3 August 2019  <\/h3>\t\t\t\t<\/div>\n\t\t\t\t<\/div>\n\t\t\t\t\t<\/div>\n\t\t<\/div>\n\t\t\t\t\t<\/div>\n\t\t<\/section>\n\t\t\t\t<section class=\"elementor-section elementor-top-section elementor-element elementor-element-5951f92f elementor-section-boxed elementor-section-height-default elementor-section-height-default\" data-id=\"5951f92f\" data-element_type=\"section\">\n\t\t\t\t\t\t<div class=\"elementor-container elementor-column-gap-default\">\n\t\t\t\t\t<div class=\"elementor-column elementor-col-100 elementor-top-column elementor-element elementor-element-4c8ca81d\" data-id=\"4c8ca81d\" data-element_type=\"column\">\n\t\t\t<div class=\"elementor-widget-wrap elementor-element-populated\">\n\t\t\t\t\t\t<div class=\"elementor-element elementor-element-c59e71c elementor-widget elementor-widget-image\" data-id=\"c59e71c\" data-element_type=\"widget\" data-widget_type=\"image.default\">\n\t\t\t\t<div class=\"elementor-widget-container\">\n\t\t\t\t\t\t\t\t\t\t\t\t<figure class=\"wp-caption\">\n\t\t\t\t\t\t\t\t\t\t<img fetchpriority=\"high\" decoding=\"async\" width=\"2560\" height=\"828\" src=\"https:\/\/projekti.pmfst.unist.hr\/floods\/meteotsunamis\/wp-content\/uploads\/2023\/03\/synoptic_events_2_Aug_2019-scaled.jpg\" class=\"attachment-full size-full wp-image-2380\" alt=\"\" srcset=\"https:\/\/projekti.pmfst.unist.hr\/floods\/meteotsunamis\/wp-content\/uploads\/2023\/03\/synoptic_events_2_Aug_2019-scaled.jpg 2560w, https:\/\/projekti.pmfst.unist.hr\/floods\/meteotsunamis\/wp-content\/uploads\/2023\/03\/synoptic_events_2_Aug_2019-300x97.jpg 300w, https:\/\/projekti.pmfst.unist.hr\/floods\/meteotsunamis\/wp-content\/uploads\/2023\/03\/synoptic_events_2_Aug_2019-1024x331.jpg 1024w, https:\/\/projekti.pmfst.unist.hr\/floods\/meteotsunamis\/wp-content\/uploads\/2023\/03\/synoptic_events_2_Aug_2019-768x248.jpg 768w, https:\/\/projekti.pmfst.unist.hr\/floods\/meteotsunamis\/wp-content\/uploads\/2023\/03\/synoptic_events_2_Aug_2019-1536x497.jpg 1536w, https:\/\/projekti.pmfst.unist.hr\/floods\/meteotsunamis\/wp-content\/uploads\/2023\/03\/synoptic_events_2_Aug_2019-2048x662.jpg 2048w, https:\/\/projekti.pmfst.unist.hr\/floods\/meteotsunamis\/wp-content\/uploads\/2023\/03\/synoptic_events_2_Aug_2019-1568x507.jpg 1568w\" sizes=\"(max-width: 2560px) 100vw, 2560px\" style=\"width:100%;height:32.34%;max-width:2560px\" \/>\t\t\t\t\t\t\t\t\t\t\t<figcaption class=\"widget-image-caption wp-caption-text\">Figure 1. Synoptic situation at the time of the event: (left) mean sea level pressure and 10-m wind; (middle) temperature and wind at 850 hPa; (right) geopotential height and wind at 500 hPa.<\/figcaption>\n\t\t\t\t\t\t\t\t\t\t<\/figure>\n\t\t\t\t\t\t\t\t\t<\/div>\n\t\t\t\t<\/div>\n\t\t\t\t<div class=\"elementor-element elementor-element-1765de4d elementor-widget elementor-widget-text-editor\" data-id=\"1765de4d\" data-element_type=\"widget\" data-widget_type=\"text-editor.default\">\n\t\t\t\t<div class=\"elementor-widget-container\">\n\t\t\t\t\t\t\t\t\t<p>Our attention to this event was drawn by the Ist islands residents when Jadranka \u0160epi\u0107 visited the island to gather information about a strong meteotsunami which hit \u0160iroka Bay on Ist Island in May 2021 (<a href=\"https:\/\/projekti.pmfst.unist.hr\/floods\/meteotsunamis\/35-siroka-bay-ist-island-24-may-2021\/\" target=\"_blank\" rel=\"noopener\">Event 35<\/a>). Residents reported that in a summer of 2019 similar event hit Kosira\u010da, a bay located on the opposing side of the island. At this occasion, oscillating sea flooded the coastal roads and entered the houses. According to eyewitness reports height of oscillations was more than 1 m. It is interesting that at nearby \u0160iroka Bay strong high-frequency sea level oscillations occur relatively often, whereas the residents of Kosira\u010da Bay describe the 2019 event as \u201csomething not seen before or after\u201d. We were able to find only one newspaper report (<a href=\"https:\/\/www.057info.hr\/vijesti\/2019-08-03\/foto-video-vjetar-nasukao-brodove-plimni-val-povukao-automobile\" target=\"_blank\" rel=\"noopener\">057Info, 2019<\/a>) in which this event might be remotely mentioned, and in which two photos of flooded and stranded boats can be seen. According to the article, the event was associated to wider area thunderstorms and was accompanied with strong wind gusts, wind waves, and flooding related to \u201ctidal wave\u201d (a phrase which islanders use to describe longer-period waves) and wind-waves at a number of locations, including Biograd on the coast, where seven cars were pulled to the sea.\u00a0<\/p>\t\t\t\t\t\t\t\t<\/div>\n\t\t\t\t<\/div>\n\t\t\t\t<div class=\"elementor-element elementor-element-2257c2e elementor-widget elementor-widget-text-editor\" data-id=\"2257c2e\" data-element_type=\"widget\" data-widget_type=\"text-editor.default\">\n\t\t\t\t<div class=\"elementor-widget-container\">\n\t\t\t\t\t\t\t\t\t<p>An increase of high-frequency variability was detected at the ~120 km distanced Bakar tide gauge station. Sea level oscillations of ~2 h period were intensified from the evening hours of 2 August till the early morning hours of 3 August, reaching maximum crest-to-trough height of&nbsp; 73.4 cm.<\/p>\t\t\t\t\t\t\t\t<\/div>\n\t\t\t\t<\/div>\n\t\t\t\t<div class=\"elementor-element elementor-element-f0a0c1e elementor-widget elementor-widget-text-editor\" data-id=\"f0a0c1e\" data-element_type=\"widget\" data-widget_type=\"text-editor.default\">\n\t\t\t\t<div class=\"elementor-widget-container\">\n\t\t\t\t\t\t\t\t\t<p>Synoptic analysis reveals that a field of slightly lowered mean sea level pressure was positioned over the western Mediterranean. At the 850 hPa height, a warm air tongue was advancing from the western Sahara, across the western Mediterranean towards the Adriatic Sea. As a result, moderate upper-level temperature gradients were present over the Adriatic Sea. At the 500 hPa height, moderate south-westerly winds (up to 24 m\/s) blew over the Adriatic.<\/p>\t\t\t\t\t\t\t\t<\/div>\n\t\t\t\t<\/div>\n\t\t\t\t\t<\/div>\n\t\t<\/div>\n\t\t\t\t\t<\/div>\n\t\t<\/section>\n\t\t\t\t<section class=\"elementor-section elementor-top-section elementor-element elementor-element-487508f elementor-section-boxed elementor-section-height-default elementor-section-height-default\" data-id=\"487508f\" data-element_type=\"section\">\n\t\t\t\t\t\t<div class=\"elementor-container elementor-column-gap-default\">\n\t\t\t\t\t<div class=\"elementor-column elementor-col-100 elementor-top-column elementor-element elementor-element-091cacb\" data-id=\"091cacb\" data-element_type=\"column\">\n\t\t\t<div class=\"elementor-widget-wrap elementor-element-populated\">\n\t\t\t\t\t\t<div class=\"elementor-element elementor-element-409daee elementor-widget elementor-widget-image\" data-id=\"409daee\" data-element_type=\"widget\" data-widget_type=\"image.default\">\n\t\t\t\t<div class=\"elementor-widget-container\">\n\t\t\t\t\t\t\t\t\t\t\t\t<figure class=\"wp-caption\">\n\t\t\t\t\t\t\t\t\t\t<img decoding=\"async\" width=\"750\" height=\"665\" src=\"https:\/\/projekti.pmfst.unist.hr\/floods\/meteotsunamis\/wp-content\/uploads\/2019\/08\/ts_no29-1024x908.jpg\" class=\"attachment-large size-large wp-image-2453\" alt=\"\" srcset=\"https:\/\/projekti.pmfst.unist.hr\/floods\/meteotsunamis\/wp-content\/uploads\/2019\/08\/ts_no29-1024x908.jpg 1024w, https:\/\/projekti.pmfst.unist.hr\/floods\/meteotsunamis\/wp-content\/uploads\/2019\/08\/ts_no29-300x266.jpg 300w, https:\/\/projekti.pmfst.unist.hr\/floods\/meteotsunamis\/wp-content\/uploads\/2019\/08\/ts_no29-768x681.jpg 768w, https:\/\/projekti.pmfst.unist.hr\/floods\/meteotsunamis\/wp-content\/uploads\/2019\/08\/ts_no29-1536x1362.jpg 1536w, https:\/\/projekti.pmfst.unist.hr\/floods\/meteotsunamis\/wp-content\/uploads\/2019\/08\/ts_no29-1568x1390.jpg 1568w, https:\/\/projekti.pmfst.unist.hr\/floods\/meteotsunamis\/wp-content\/uploads\/2019\/08\/ts_no29.jpg 2028w\" sizes=\"(max-width: 750px) 100vw, 750px\" style=\"width:100%;height:88.66%;max-width:2028px\" \/>\t\t\t\t\t\t\t\t\t\t\t<figcaption class=\"widget-image-caption wp-caption-text\">Figure 2. Original and high-pass (T &lt; 4h) sea-level time series measured at Bakar during Event 29.<\/figcaption>\n\t\t\t\t\t\t\t\t\t\t<\/figure>\n\t\t\t\t\t\t\t\t\t<\/div>\n\t\t\t\t<\/div>\n\t\t\t\t\t<\/div>\n\t\t<\/div>\n\t\t\t\t\t<\/div>\n\t\t<\/section>\n\t\t\t\t<\/div>\n\t\t","protected":false},"excerpt":{"rendered":"<p>(29) Kosira\u010da Bay, 2-3 August 2019 Figure 1. Synoptic situation at the time of the event: (left) mean sea level pressure and 10-m wind; (middle) temperature and wind at 850 hPa; (right) geopotential height and wind at 500 hPa. Our attention to this event was drawn by the Ist islands residents when Jadranka \u0160epi\u0107 visited&hellip; <a class=\"more-link\" href=\"https:\/\/projekti.pmfst.unist.hr\/floods\/meteotsunamis\/29-kosiraca-bay-ist-island-3-august-2019\/\">Continue reading <span class=\"screen-reader-text\">(29) Kosira\u010da Bay, 2-3 August 2019<\/span><\/a><\/p>\n","protected":false},"author":1,"featured_media":2380,"comment_status":"closed","ping_status":"closed","sticky":false,"template":"","format":"standard","meta":{"footnotes":""},"categories":[23],"tags":[],"class_list":["post-1611","post","type-post","status-publish","format-standard","has-post-thumbnail","hentry","category-meteotsunami","entry"],"_links":{"self":[{"href":"https:\/\/projekti.pmfst.unist.hr\/floods\/meteotsunamis\/wp-json\/wp\/v2\/posts\/1611","targetHints":{"allow":["GET"]}}],"collection":[{"href":"https:\/\/projekti.pmfst.unist.hr\/floods\/meteotsunamis\/wp-json\/wp\/v2\/posts"}],"about":[{"href":"https:\/\/projekti.pmfst.unist.hr\/floods\/meteotsunamis\/wp-json\/wp\/v2\/types\/post"}],"author":[{"embeddable":true,"href":"https:\/\/projekti.pmfst.unist.hr\/floods\/meteotsunamis\/wp-json\/wp\/v2\/users\/1"}],"replies":[{"embeddable":true,"href":"https:\/\/projekti.pmfst.unist.hr\/floods\/meteotsunamis\/wp-json\/wp\/v2\/comments?post=1611"}],"version-history":[{"count":34,"href":"https:\/\/projekti.pmfst.unist.hr\/floods\/meteotsunamis\/wp-json\/wp\/v2\/posts\/1611\/revisions"}],"predecessor-version":[{"id":3587,"href":"https:\/\/projekti.pmfst.unist.hr\/floods\/meteotsunamis\/wp-json\/wp\/v2\/posts\/1611\/revisions\/3587"}],"wp:featuredmedia":[{"embeddable":true,"href":"https:\/\/projekti.pmfst.unist.hr\/floods\/meteotsunamis\/wp-json\/wp\/v2\/media\/2380"}],"wp:attachment":[{"href":"https:\/\/projekti.pmfst.unist.hr\/floods\/meteotsunamis\/wp-json\/wp\/v2\/media?parent=1611"}],"wp:term":[{"taxonomy":"category","embeddable":true,"href":"https:\/\/projekti.pmfst.unist.hr\/floods\/meteotsunamis\/wp-json\/wp\/v2\/categories?post=1611"},{"taxonomy":"post_tag","embeddable":true,"href":"https:\/\/projekti.pmfst.unist.hr\/floods\/meteotsunamis\/wp-json\/wp\/v2\/tags?post=1611"}],"curies":[{"name":"wp","href":"https:\/\/api.w.org\/{rel}","templated":true}]}}